{"id":6925,"date":"2026-09-03T12:19:11","date_gmt":"2026-09-03T10:19:11","guid":{"rendered":"https:\/\/salettiner.ch\/?p=6925"},"modified":"2026-09-03T15:00:15","modified_gmt":"2026-09-03T13:00:15","slug":"bischof-beat-kommt-nach-morschwil","status":"publish","type":"post","link":"https:\/\/salettiner.ch\/?p=6925","title":{"rendered":"Bischof Beat kommt nach M\u00f6rschwil"},"content":{"rendered":"<p style=\"font-weight: 400;\">Am Mittwoch, 9. September um 19.30 Uhr ist Bischof Beat Gr\u00f6gli im Gemeindesaal des Gemeindezentrums in M\u00f6rschwil zu Gast. Ein Jahr ist vergangen, seit Bischof Beat sein Amt im Bistum St. Gallen angetreten hat. Es war f\u00fcr ihn ein Jahr voller erster Schritte, neuer Impulse und vieler wertvoller Begegnungen. In einem Impulsreferat gibt er pers\u00f6nliche Einblicke, teilt Erfahrungen und blickt auf besondere Momente dieses ersten Jahres zur\u00fcck.<\/p>\n<p style=\"font-weight: 400;\">Unter dem Motto \u00abmiteinander unterwegs\u00bb ist Raum f\u00fcr Dialog und Ihre Fragen. Beim anschliessenden Ap\u00e9ro Riche gibt es Gelegenheit f\u00fcr pers\u00f6nliche Begegnung und vertiefende Gespr\u00e4che.<\/p>\n<p style=\"font-weight: 400;\">Lassen Sie sich diesen besonderen Abend nicht entgehen. Eine Anmeldung ist nicht n\u00f6tig.<\/p>\n<p><img loading=\"lazy\" decoding=\"async\" width=\"595\" height=\"842\" class=\"alignnone size-full wp-image-6926\" src=\"https:\/\/salettiner.ch\/wp-content\/uploads\/2026\/09\/Flyer.Gesprachsabend-7.jpg\" alt=\"\" srcset=\"https:\/\/salettiner.ch\/wp-content\/uploads\/2026\/09\/Flyer.Gesprachsabend-7.jpg 595w, https:\/\/salettiner.ch\/wp-content\/uploads\/2026\/09\/Flyer.Gesprachsabend-7-212x300.jpg 212w\" sizes=\"auto, (max-width: 595px) 100vw, 595px\" \/><\/p>\n","protected":false},"excerpt":{"rendered":"<p>Am Mittwoch, 9. September um 19.30 Uhr ist Bischof Beat Gr\u00f6gli im Gemeindesaal des Gemeindezentrums in M\u00f6rschwil zu Gast. Ein Jahr ist vergangen, seit Bischof Beat sein Amt im Bistum St. Gallen angetreten hat. Es war f\u00fcr ihn ein Jahr voller erster Schritte, neuer Impulse und vieler wertvoller Begegnungen. In einem Impulsreferat gibt er pers\u00f6nliche [&hellip;]<\/p>\n","protected":false},"author":4,"featured_media":6792,"comment_status":"open","ping_status":"open","sticky":false,"template":"","format":"standard","meta":{"_bbp_topic_count":0,"_bbp_reply_count":0,"_bbp_total_topic_count":0,"_bbp_total_reply_count":0,"_bbp_voice_count":0,"_bbp_anonymous_reply_count":0,"_bbp_topic_count_hidden":0,"_bbp_reply_count_hidden":0,"_bbp_forum_subforum_count":0,"_monsterinsights_skip_tracking":false,"footnotes":""},"categories":[1,10],"tags":[],"class_list":["post-6925","post","type-post","status-publish","format-standard","has-post-thumbnail","hentry","category-aktuell","category-aktuell-2"],"_links":{"self":[{"href":"https:\/\/salettiner.ch\/index.php?rest_route=\/wp\/v2\/posts\/6925","targetHints":{"allow":["GET"]}}],"collection":[{"href":"https:\/\/salettiner.ch\/index.php?rest_route=\/wp\/v2\/posts"}],"about":[{"href":"https:\/\/salettiner.ch\/index.php?rest_route=\/wp\/v2\/types\/post"}],"author":[{"embeddable":true,"href":"https:\/\/salettiner.ch\/index.php?rest_route=\/wp\/v2\/users\/4"}],"replies":[{"embeddable":true,"href":"https:\/\/salettiner.ch\/index.php?rest_route=%2Fwp%2Fv2%2Fcomments&post=6925"}],"version-history":[{"count":1,"href":"https:\/\/salettiner.ch\/index.php?rest_route=\/wp\/v2\/posts\/6925\/revisions"}],"predecessor-version":[{"id":6927,"href":"https:\/\/salettiner.ch\/index.php?rest_route=\/wp\/v2\/posts\/6925\/revisions\/6927"}],"wp:featuredmedia":[{"embeddable":true,"href":"https:\/\/salettiner.ch\/index.php?rest_route=\/wp\/v2\/media\/6792"}],"wp:attachment":[{"href":"https:\/\/salettiner.ch\/index.php?rest_route=%2Fwp%2Fv2%2Fmedia&parent=6925"}],"wp:term":[{"taxonomy":"category","embeddable":true,"href":"https:\/\/salettiner.ch\/index.php?rest_route=%2Fwp%2Fv2%2Fcategories&post=6925"},{"taxonomy":"post_tag","embeddable":true,"href":"https:\/\/salettiner.ch\/index.php?rest_route=%2Fwp%2Fv2%2Ftags&post=6925"}],"curies":[{"name":"wp","href":"https:\/\/api.w.org\/{rel}","templated":true}]}}